{"id":2412,"date":"2022-09-08T14:38:49","date_gmt":"2022-09-08T13:38:49","guid":{"rendered":"https:\/\/www.scout.org.ma\/?p=2412"},"modified":"2022-11-15T15:53:40","modified_gmt":"2022-11-15T14:53:40","slug":"nouvelles-horizons-pour-le-scoutisme-inclusif","status":"publish","type":"post","link":"https:\/\/www.scout.org.ma\/?p=2412","title":{"rendered":"Nouvelles horizons pour le Scoutisme Inclusif"},"content":{"rendered":"\n<h2 class=\"wp-block-heading\"><\/h2>\n\n\n\n<p class=\"has-text-align-left\" dir=\"ltr\">Mme Hayar s\u2019entretient au si\u00e8ge du minist\u00e8re avec le pr\u00e9sident du Comit\u00e9 Mondial du Scoutisme (CMS), Andy Chapman, le secr\u00e9taire g\u00e9n\u00e9ral de l\u2019Organisation arabe du scoutisme, Amr Hamdi, le pr\u00e9sident d\u00e9l\u00e9gu\u00e9 de la F\u00e9d\u00e9ration nationale du scoutisme marocain (FNSM), Chakib Benayad, et le vice-pr\u00e9sident du Comit\u00e9 arabe du scoutisme, Abdelaziz Hafdi, indique le minist\u00e8re dans un communiqu\u00e9.<\/p>\n\n\n\n<p dir=\"ltr\">Cette rencontre vise \u00e0 examiner les actions communes \u00e0 mener afin de hisser la coop\u00e9ration en mati\u00e8re \u00e9ducative et sociale \u00e0 m\u00eame de concr\u00e9tiser les objectifs du minist\u00e8re et de la F\u00e9d\u00e9ration nationale du scoutisme marocain, plac\u00e9e sous la pr\u00e9sidence effective de SAR le Prince Moulay Rachid, \u00e0 travers la mise en \u0153uvre du partenariat bilat\u00e9ral dans le domaine du scoutisme au profit des enfants en situation de handicap ou en situation difficile.<\/p>\n\n\n\n<figure class=\"wp-block-image size-large\"><img loading=\"lazy\" decoding=\"async\" width=\"1024\" height=\"682\" src=\"https:\/\/www.scout.org.ma\/wp-content\/uploads\/2022\/09\/WhatsApp-Image-2022-09-05-at-19.38.59-1024x682.jpeg\" alt=\"\" class=\"wp-image-2413\" srcset=\"https:\/\/www.scout.org.ma\/wp-content\/uploads\/2022\/09\/WhatsApp-Image-2022-09-05-at-19.38.59-1024x682.jpeg 1024w, https:\/\/www.scout.org.ma\/wp-content\/uploads\/2022\/09\/WhatsApp-Image-2022-09-05-at-19.38.59-300x200.jpeg 300w, https:\/\/www.scout.org.ma\/wp-content\/uploads\/2022\/09\/WhatsApp-Image-2022-09-05-at-19.38.59-768x512.jpeg 768w, https:\/\/www.scout.org.ma\/wp-content\/uploads\/2022\/09\/WhatsApp-Image-2022-09-05-at-19.38.59-1536x1023.jpeg 1536w, https:\/\/www.scout.org.ma\/wp-content\/uploads\/2022\/09\/WhatsApp-Image-2022-09-05-at-19.38.59-310x205.jpeg 310w, https:\/\/www.scout.org.ma\/wp-content\/uploads\/2022\/09\/WhatsApp-Image-2022-09-05-at-19.38.59.jpeg 1600w\" sizes=\"auto, (max-width: 1024px) 100vw, 1024px\" \/><\/figure>\n\n\n\n<p dir=\"ltr\">Il s\u2019agit aussi d\u2019entreprendre des projets communs ax\u00e9s sur le th\u00e8me de \u00ab&nbsp;la diversit\u00e9 et l\u2019int\u00e9gration&nbsp;\u00bb, en plus de la promotion d\u2019un environnement propice assurant l\u2019\u00e9galit\u00e9 des chances pour tous et la non-discrimination, ajoute le communiqu\u00e9.<\/p>\n\n\n\n<figure class=\"wp-block-image size-large\"><img loading=\"lazy\" decoding=\"async\" width=\"1024\" height=\"682\" src=\"https:\/\/www.scout.org.ma\/wp-content\/uploads\/2022\/09\/WhatsApp-Image-2022-09-05-at-19.44.51-1-1024x682.jpeg\" alt=\"\" class=\"wp-image-2414\" srcset=\"https:\/\/www.scout.org.ma\/wp-content\/uploads\/2022\/09\/WhatsApp-Image-2022-09-05-at-19.44.51-1-1024x682.jpeg 1024w, https:\/\/www.scout.org.ma\/wp-content\/uploads\/2022\/09\/WhatsApp-Image-2022-09-05-at-19.44.51-1-300x200.jpeg 300w, https:\/\/www.scout.org.ma\/wp-content\/uploads\/2022\/09\/WhatsApp-Image-2022-09-05-at-19.44.51-1-768x512.jpeg 768w, https:\/\/www.scout.org.ma\/wp-content\/uploads\/2022\/09\/WhatsApp-Image-2022-09-05-at-19.44.51-1-1536x1023.jpeg 1536w, https:\/\/www.scout.org.ma\/wp-content\/uploads\/2022\/09\/WhatsApp-Image-2022-09-05-at-19.44.51-1-310x205.jpeg 310w, https:\/\/www.scout.org.ma\/wp-content\/uploads\/2022\/09\/WhatsApp-Image-2022-09-05-at-19.44.51-1.jpeg 1600w\" sizes=\"auto, (max-width: 1024px) 100vw, 1024px\" \/><\/figure>\n\n\n\n<p><a href=\"https:\/\/www.scout.org.ma\/wp-admin\/edit.php?post_type=post\"><\/a><\/p>\n\n\n\n<p dir=\"ltr\">Le programme du \u00ab&nbsp;scoutisme inclusif&nbsp;\u00bb men\u00e9 conjointement par le minist\u00e8re de la Solidarit\u00e9, de l\u2019Insertion Sociale et de la Famille et la F\u00e9d\u00e9ration nationale du scoutisme marocain est une exp\u00e9rience pionni\u00e8re dans le monde arabe visant \u00e0 renforcer le soutien socio-\u00e9ducatif des enfants en situation de pr\u00e9carit\u00e9, \u00e0 travers des ateliers d\u2019encadrement. Le minist\u00e8re s\u2019emploie, dans le cadre de sa nouvelle strat\u00e9gie, \u00e0 d\u00e9velopper cette exp\u00e9rience en partenariat avec la FNSM pour la cr\u00e9ation des clubs de scout dans les diff\u00e9rents \u00e9tablissements de protection sociale relevant du minist\u00e8re.<\/p>\n\n\n\n<p>Avec MAP<\/p>\n","protected":false},"excerpt":{"rendered":"<p>Mme Hayar s\u2019entretient au si\u00e8ge du minist\u00e8re avec le pr\u00e9sident du Comit\u00e9 Mondial du Scoutisme (CMS), Andy Chapman, le secr\u00e9taire g\u00e9n\u00e9ral de l\u2019Organisation arabe du scoutisme, Amr Hamdi, le pr\u00e9sident d\u00e9l\u00e9gu\u00e9 de la F\u00e9d\u00e9ration nationale du scoutisme marocain (FNSM), Chakib Benayad, et le vice-pr\u00e9sident du Comit\u00e9 arabe du scoutisme, Abdelaziz Hafdi, indique le minist\u00e8re dans &hellip;<\/p>\n","protected":false},"author":3,"featured_media":2415,"comment_status":"open","ping_status":"closed","sticky":false,"template":"","format":"standard","meta":{"jetpack_post_was_ever_published":false,"_jetpack_newsletter_access":"","_jetpack_dont_email_post_to_subs":false,"_jetpack_newsletter_tier_id":0,"_jetpack_memberships_contains_paywalled_content":false,"_jetpack_memberships_contains_paid_content":false,"footnotes":""},"categories":[4],"tags":[],"class_list":["post-2412","post","type-post","status-publish","format-standard","has-post-thumbnail","","category-4"],"jetpack_featured_media_url":"https:\/\/www.scout.org.ma\/wp-content\/uploads\/2022\/09\/305637910_444983924323823_360009650336185687_n.jpg","jetpack_sharing_enabled":true,"jetpack_shortlink":"https:\/\/wp.me\/p7HX1H-CU","_links":{"self":[{"href":"https:\/\/www.scout.org.ma\/index.php?rest_route=\/wp\/v2\/posts\/2412","targetHints":{"allow":["GET"]}}],"collection":[{"href":"https:\/\/www.scout.org.ma\/index.php?rest_route=\/wp\/v2\/posts"}],"about":[{"href":"https:\/\/www.scout.org.ma\/index.php?rest_route=\/wp\/v2\/types\/post"}],"author":[{"embeddable":true,"href":"https:\/\/www.scout.org.ma\/index.php?rest_route=\/wp\/v2\/users\/3"}],"replies":[{"embeddable":true,"href":"https:\/\/www.scout.org.ma\/index.php?rest_route=%2Fwp%2Fv2%2Fcomments&post=2412"}],"version-history":[{"count":4,"href":"https:\/\/www.scout.org.ma\/index.php?rest_route=\/wp\/v2\/posts\/2412\/revisions"}],"predecessor-version":[{"id":2424,"href":"https:\/\/www.scout.org.ma\/index.php?rest_route=\/wp\/v2\/posts\/2412\/revisions\/2424"}],"wp:featuredmedia":[{"embeddable":true,"href":"https:\/\/www.scout.org.ma\/index.php?rest_route=\/wp\/v2\/media\/2415"}],"wp:attachment":[{"href":"https:\/\/www.scout.org.ma\/index.php?rest_route=%2Fwp%2Fv2%2Fmedia&parent=2412"}],"wp:term":[{"taxonomy":"category","embeddable":true,"href":"https:\/\/www.scout.org.ma\/index.php?rest_route=%2Fwp%2Fv2%2Fcategories&post=2412"},{"taxonomy":"post_tag","embeddable":true,"href":"https:\/\/www.scout.org.ma\/index.php?rest_route=%2Fwp%2Fv2%2Ftags&post=2412"}],"curies":[{"name":"wp","href":"https:\/\/api.w.org\/{rel}","templated":true}]}}