{"id":2329,"date":"2022-05-31T19:34:14","date_gmt":"2022-05-31T18:34:14","guid":{"rendered":"https:\/\/www.scout.org.ma\/?p=2329"},"modified":"2022-05-31T19:39:41","modified_gmt":"2022-05-31T18:39:41","slug":"celebration-de-la-journee-nationale-du-scoutisme-marocain","status":"publish","type":"post","link":"https:\/\/www.scout.org.ma\/?p=2329","title":{"rendered":"C\u00e9l\u00e9bration de la Journ\u00e9e Nationale du Scoutisme Marocain"},"content":{"rendered":"\n<p class=\"has-text-align-left\">Une c\u00e9r\u00e9monie a \u00e9t\u00e9 organis\u00e9e samedi en c\u00e9l\u00e9bration de la Journ\u00e9e nationale du scoutisme (26 mai), sous le th\u00e8me \u00ab Partenaires dans l\u2019\u00c9ducation \u00bb, \u00e0 l\u2019initiative de la F\u00e9d\u00e9ration nationale du scoutisme marocain (FNSM).<\/p>\n\n\n\n<p class=\"has-text-align-left\">Organis\u00e9e en pr\u00e9sence du ministre de la Solidarit\u00e9, de l\u2019insertion sociale et de la famille, Aouatif Hayar, cette c\u00e9l\u00e9bration a \u00e9t\u00e9 marqu\u00e9e par la tenue d\u2019un colloque national consacr\u00e9 aux \u00ab enjeux de l\u2019\u00e9ducation scout dans un monde en mutation \u00bb, avec la participation des repr\u00e9sentants de d\u00e9partements minist\u00e9riels et d\u2019ONG \u0153uvrant dans les domaines de l\u2019\u00e9ducation, de la jeunesse et de l\u2019enfance.<\/p>\n\n\n\n<p class=\"has-text-align-left\">L\u2019\u00e9v\u00e9nement a eu pour objectif de renouveler l\u2019engagement de la FNSM au service de l\u2019ancrage des valeurs de scoutisme chez les enfants, les jeunes et les adolescents dans le droit fil de la dynamique que conna\u00eet le Royaume dans les domaines \u00e9ducatif et social, notamment en phase post-pand\u00e9mique et ses r\u00e9percussions sur les activit\u00e9s et les programmes de scoutisme.<\/p>\n\n\n\n<p class=\"has-text-align-left\">A cette occasion, Mme Hayar a soulign\u00e9 que la c\u00e9l\u00e9bration de cette journ\u00e9e offre l\u2019opportunit\u00e9 d\u2019\u00e9voquer les efforts du mouvement scout pour la prise en charge des personnes en situation de handicap et leur r\u00f4le effectif dans la r\u00e9alisation de l\u2019\u00e9ducation inclusive, mettant en avant le r\u00f4le de son d\u00e9partement dans l\u2019instauration de l\u2019Etat social.<\/p>\n\n\n\n<p class=\"has-text-align-left\">Elle a rappel\u00e9 sur ce registre l\u2019objectif de faire \u00e9merger un mod\u00e8le marocain exceptionnel d\u00e9di\u00e9 \u00e0 l\u2019\u00e9ducation inclusive pour les personnes en situation de handicap, laquelle perspective reste tributaire de l\u2019approche fond\u00e9e sur le partenariat entre les divers acteurs concern\u00e9s.<\/p>\n\n\n\n<p class=\"has-text-align-left\">De son c\u00f4t\u00e9, le pr\u00e9sident d\u00e9l\u00e9gu\u00e9 de la FNSM, Chakib Benayad, a soulign\u00e9 que la Covid-19 a eu un impact n\u00e9gatif sur le mod\u00e8le p\u00e9dagogique du scoutisme, soulignant par ailleurs les efforts suppl\u00e9mentaires consentis pour impl\u00e9menter les programmes \u00e9ducatifs scouts et augmenter le nombre des b\u00e9n\u00e9ficiaires.<\/p>\n\n\n\n<p class=\"has-text-align-left\">La FNSM, a-t-elle dit, est appel\u00e9e \u00e0 renforcer sa position sociale gr\u00e2ce \u00e0 de nouveaux m\u00e9canismes permettant une participation large et efficace, insistant \u00e0 cet \u00e9gard sur le r\u00f4le pionnier jou\u00e9 par l\u2019\u00e9ducation aux valeurs du scoutisme pour l\u2019am\u00e9lioration des conditions de l\u2019enfance en g\u00e9n\u00e9ral.<\/p>\n\n\n\n<p class=\"has-text-align-left\">Cet \u00e9v\u00e9nement a \u00e9t\u00e9 marqu\u00e9 par des d\u00e9bats sur des th\u00e9matiques ax\u00e9es notamment sur l\u2019\u00e9ducation aux valeurs du scoutisme et le d\u00e9veloppement num\u00e9rique, anim\u00e9s par de cadres p\u00e9dagogiques sp\u00e9cialis\u00e9s et d\u2019experts en sociologie, droits de l\u2019homme et d\u00e9veloppement.<\/p>\n\n\n\n<p class=\"has-text-align-left\">MAP<\/p>\n","protected":false},"excerpt":{"rendered":"<p>Une c\u00e9r\u00e9monie a \u00e9t\u00e9 organis\u00e9e samedi en c\u00e9l\u00e9bration de la Journ\u00e9e nationale du scoutisme (26 mai), sous le th\u00e8me \u00ab Partenaires dans l\u2019\u00c9ducation \u00bb, \u00e0 l\u2019initiative de la F\u00e9d\u00e9ration nationale du scoutisme marocain (FNSM). Organis\u00e9e en pr\u00e9sence du ministre de la Solidarit\u00e9, de l\u2019insertion sociale et de la famille, Aouatif Hayar, cette c\u00e9l\u00e9bration a \u00e9t\u00e9 &hellip;<\/p>\n","protected":false},"author":3,"featured_media":2335,"comment_status":"open","ping_status":"closed","sticky":false,"template":"","format":"standard","meta":{"jetpack_post_was_ever_published":false,"_jetpack_newsletter_access":"","_jetpack_dont_email_post_to_subs":false,"_jetpack_newsletter_tier_id":0,"_jetpack_memberships_contains_paywalled_content":false,"_jetpack_memberships_contains_paid_content":false,"footnotes":""},"categories":[1,4],"tags":[],"class_list":["post-2329","post","type-post","status-publish","format-standard","has-post-thumbnail","","category-non-classe","category-4"],"jetpack_featured_media_url":"https:\/\/www.scout.org.ma\/wp-content\/uploads\/2022\/05\/poster-chakib-paysage-1-min-scaled.jpg","jetpack_sharing_enabled":true,"jetpack_shortlink":"https:\/\/wp.me\/p7HX1H-Bz","_links":{"self":[{"href":"https:\/\/www.scout.org.ma\/index.php?rest_route=\/wp\/v2\/posts\/2329","targetHints":{"allow":["GET"]}}],"collection":[{"href":"https:\/\/www.scout.org.ma\/index.php?rest_route=\/wp\/v2\/posts"}],"about":[{"href":"https:\/\/www.scout.org.ma\/index.php?rest_route=\/wp\/v2\/types\/post"}],"author":[{"embeddable":true,"href":"https:\/\/www.scout.org.ma\/index.php?rest_route=\/wp\/v2\/users\/3"}],"replies":[{"embeddable":true,"href":"https:\/\/www.scout.org.ma\/index.php?rest_route=%2Fwp%2Fv2%2Fcomments&post=2329"}],"version-history":[{"count":3,"href":"https:\/\/www.scout.org.ma\/index.php?rest_route=\/wp\/v2\/posts\/2329\/revisions"}],"predecessor-version":[{"id":2343,"href":"https:\/\/www.scout.org.ma\/index.php?rest_route=\/wp\/v2\/posts\/2329\/revisions\/2343"}],"wp:featuredmedia":[{"embeddable":true,"href":"https:\/\/www.scout.org.ma\/index.php?rest_route=\/wp\/v2\/media\/2335"}],"wp:attachment":[{"href":"https:\/\/www.scout.org.ma\/index.php?rest_route=%2Fwp%2Fv2%2Fmedia&parent=2329"}],"wp:term":[{"taxonomy":"category","embeddable":true,"href":"https:\/\/www.scout.org.ma\/index.php?rest_route=%2Fwp%2Fv2%2Fcategories&post=2329"},{"taxonomy":"post_tag","embeddable":true,"href":"https:\/\/www.scout.org.ma\/index.php?rest_route=%2Fwp%2Fv2%2Ftags&post=2329"}],"curies":[{"name":"wp","href":"https:\/\/api.w.org\/{rel}","templated":true}]}}